{"id":61938,"date":"2024-03-09T13:54:50","date_gmt":"2024-03-09T11:54:50","guid":{"rendered":"https:\/\/ihapari.com\/?p=61938"},"modified":"2024-03-09T13:54:50","modified_gmt":"2024-03-09T11:54:50","slug":"mama-graca-machel-recebe-o-premio-da-forbes-woman-africa-reconhecimento-a-dedicacao-pela-educacao-e-direitos-das-mulheres","status":"publish","type":"post","link":"https:\/\/ihapari.com\/en\/mama-graca-machel-recebe-o-premio-da-forbes-woman-africa-reconhecimento-a-dedicacao-pela-educacao-e-direitos-das-mulheres\/","title":{"rendered":"Mam\u00e3 Gra\u00e7a Machel Recebe o Pr\u00eamio da Forbes Woman Africa: Reconhecimento \u00e0 Dedica\u00e7\u00e3o pela Educa\u00e7\u00e3o e Direitos das Mulheres"},"content":{"rendered":"<p>Mam\u00e3 Gra\u00e7a Machel, ex-primeira-dama de Mo\u00e7ambique, recentemente foi agraciada com o prestigioso pr\u00eamio da Forbes Woman Africa. Este reconhecimento ressalta sua not\u00e1vel dedica\u00e7\u00e3o ao avan\u00e7o da educa\u00e7\u00e3o e dos direitos das mulheres em todo o continente africano.<\/p>\n<p>O pr\u00eamio da Forbes Woman Africa \u00e9 considerado uma distin\u00e7\u00e3o rara, reservada para indiv\u00edduos que demonstram um compromisso excepcional com quest\u00f5es sociais e de g\u00eanero. Mam\u00e3 Gra\u00e7a Machel se destacou nesse aspecto ao longo de sua vida, dedicando-se incansavelmente \u00e0 promo\u00e7\u00e3o da justi\u00e7a social e igualdade, especialmente no que diz respeito \u00e0 educa\u00e7\u00e3o e aos direitos das mulheres.<\/p>\n<p>Sua influ\u00eancia e impacto positivo s\u00e3o amplamente reconhecidos, tanto em Mo\u00e7ambique quanto internacionalmente. Mam\u00e3 Gra\u00e7a Machel \u00e9 conhecida por seu compromisso com a melhoria das condi\u00e7\u00f5es de vida das mulheres e crian\u00e7as, bem como por seu trabalho na promo\u00e7\u00e3o da igualdade de g\u00eanero e acesso \u00e0 educa\u00e7\u00e3o de qualidade.<\/p>\n<p>Receber o pr\u00eamio da Forbes Woman Africa \u00e9 um testemunho da import\u00e2ncia do trabalho de Mam\u00e3 Gra\u00e7a Machel e seu impacto duradouro na sociedade. Sua dedica\u00e7\u00e3o e lideran\u00e7a exemplares s\u00e3o fontes de inspira\u00e7\u00e3o para muitos, e seu reconhecimento pela Forbes Woman Africa destaca a relev\u00e2ncia cont\u00ednua de seu trabalho e sua contribui\u00e7\u00e3o para o avan\u00e7o da agenda de desenvolvimento social e de g\u00eanero na \u00c1frica.<\/p>\n<p>Neste sentido, o pr\u00eamio n\u00e3o apenas reconhece as realiza\u00e7\u00f5es individuais de Mam\u00e3 Gra\u00e7a Machel, mas tamb\u00e9m destaca a import\u00e2ncia de seu compromisso e lideran\u00e7a para o avan\u00e7o da educa\u00e7\u00e3o e dos direitos das mulheres no continente africano. Este reconhecimento serve como um est\u00edmulo para que outros indiv\u00edduos e organiza\u00e7\u00f5es continuem a trabalhar na promo\u00e7\u00e3o da igualdade de g\u00eanero e acesso \u00e0 educa\u00e7\u00e3o em toda a \u00c1frica e al\u00e9m.<\/p>","protected":false},"excerpt":{"rendered":"<p>Mam\u00e3 Gra\u00e7a Machel, ex-primeira-dama de Mo\u00e7ambique, recentemente foi agraciada com o prestigioso pr\u00eamio da Forbes Woman Africa. Este reconhecimento ressalta sua not\u00e1vel dedica\u00e7\u00e3o ao avan\u00e7o da educa\u00e7\u00e3o e dos direitos das mulheres em todo o continente africano. O pr\u00eamio da Forbes Woman Africa \u00e9 considerado uma distin\u00e7\u00e3o rara, reservada para indiv\u00edduos que demonstram um compromisso [&hellip;]<\/p>","protected":false},"author":3,"featured_media":61939,"comment_status":"open","ping_status":"open","sticky":false,"template":"","format":"standard","meta":{"footnotes":""},"categories":[29],"tags":[37],"class_list":["post-61938","post","type-post","status-publish","format-standard","has-post-thumbnail","hentry","category-cultura","tag-luis-macamo"],"jetpack_featured_media_url":"https:\/\/ihapari.com\/wp-content\/uploads\/2024\/03\/Screenshot_20240309-133308_Lite.jpg","_links":{"self":[{"href":"https:\/\/ihapari.com\/en\/wp-json\/wp\/v2\/posts\/61938","targetHints":{"allow":["GET"]}}],"collection":[{"href":"https:\/\/ihapari.com\/en\/wp-json\/wp\/v2\/posts"}],"about":[{"href":"https:\/\/ihapari.com\/en\/wp-json\/wp\/v2\/types\/post"}],"author":[{"embeddable":true,"href":"https:\/\/ihapari.com\/en\/wp-json\/wp\/v2\/users\/3"}],"replies":[{"embeddable":true,"href":"https:\/\/ihapari.com\/en\/wp-json\/wp\/v2\/comments?post=61938"}],"version-history":[{"count":1,"href":"https:\/\/ihapari.com\/en\/wp-json\/wp\/v2\/posts\/61938\/revisions"}],"predecessor-version":[{"id":61940,"href":"https:\/\/ihapari.com\/en\/wp-json\/wp\/v2\/posts\/61938\/revisions\/61940"}],"wp:featuredmedia":[{"embeddable":true,"href":"https:\/\/ihapari.com\/en\/wp-json\/wp\/v2\/media\/61939"}],"wp:attachment":[{"href":"https:\/\/ihapari.com\/en\/wp-json\/wp\/v2\/media?parent=61938"}],"wp:term":[{"taxonomy":"category","embeddable":true,"href":"https:\/\/ihapari.com\/en\/wp-json\/wp\/v2\/categories?post=61938"},{"taxonomy":"post_tag","embeddable":true,"href":"https:\/\/ihapari.com\/en\/wp-json\/wp\/v2\/tags?post=61938"}],"curies":[{"name":"wp","href":"https:\/\/api.w.org\/{rel}","templated":true}]}}