{"id":61924,"date":"2024-03-09T09:34:47","date_gmt":"2024-03-09T07:34:47","guid":{"rendered":"https:\/\/ihapari.com\/?p=61924"},"modified":"2024-03-09T09:52:35","modified_gmt":"2024-03-09T07:52:35","slug":"percella-encontra-se-com-maria-de-lurdes-guebuza-no-dia-internacional-da-mulher","status":"publish","type":"post","link":"https:\/\/ihapari.com\/en\/percella-encontra-se-com-maria-de-lurdes-guebuza-no-dia-internacional-da-mulher\/","title":{"rendered":"Percella Encontra-se com Maria de Lurdes Guebuza no Dia Internacional da Mulher"},"content":{"rendered":"<p>A cantora mo\u00e7ambicana Percella teve uma experi\u00eancia memor\u00e1vel ao encontrar pessoalmente a ex-primeira-dama de Mo\u00e7ambique, Mam\u00e3\u00a0Maria de Lurdes Guebuza. O encontro foi um momento marcante para Percella, que compartilhou a emo\u00e7\u00e3o desse momento especial com seus f\u00e3s e seguidores nas redes sociais.<\/p>\n<p>Em uma publica\u00e7\u00e3o em sua p\u00e1gina do Facebook, Percella expressou sua admira\u00e7\u00e3o e respeito por Mam\u00e3 Maria de Lurdes Guebuza, descrevendo o encontro como um verdadeiro privil\u00e9gio. &#8220;E hoje tive o prazer de conhecer pessoalmente essa mulher que tanto respeito e admiro&#8221;, escreveu a cantora em sua postagem, refletindo a import\u00e2ncia do momento para ela.<\/p>\n<p>A rea\u00e7\u00e3o dos seguidores de Percella foi imediata e calorosa, com muitos elogiando a cantora por sua oportunidade de encontrar uma figura t\u00e3o respeitada e inspiradora como Mam\u00e3 Maria de Lurdes Guebuza. Os coment\u00e1rios cheios de apoio e admira\u00e7\u00e3o destacaram o impacto positivo que esse encontro teve n\u00e3o apenas para Percella, mas tamb\u00e9m para seus f\u00e3s e admiradores.<\/p>\n<p>Para Percella, esse encontro representa mais do que apenas uma oportunidade de conhecer uma figura p\u00fablica proeminente. \u00c9 um momento de conex\u00e3o e inspira\u00e7\u00e3o, onde ela teve a chance de trocar ideias e compartilhar experi\u00eancias com algu\u00e9m que representa tanto para o povo mo\u00e7ambicano.<\/p>\n<p>Al\u00e9m disso, esse encontro tamb\u00e9m destaca o papel das mulheres inspiradoras e influentes na sociedade mo\u00e7ambicana, cujas realiza\u00e7\u00f5es e contribui\u00e7\u00f5es continuam a moldar e enriquecer o pa\u00eds. Mam\u00e3 Maria de Lurdes Guebuza \u00e9 um exemplo claro desse poder e influ\u00eancia feminina, e seu encontro com Percella serve como uma lembran\u00e7a da import\u00e2ncia de celebrar e reconhecer as mulheres extraordin\u00e1rias em todos os setores da vida.<\/p>","protected":false},"excerpt":{"rendered":"<p>A cantora mo\u00e7ambicana Percella teve uma experi\u00eancia memor\u00e1vel ao encontrar pessoalmente a ex-primeira-dama de Mo\u00e7ambique, Mam\u00e3\u00a0Maria de Lurdes Guebuza. O encontro foi um momento marcante para Percella, que compartilhou a emo\u00e7\u00e3o desse momento especial com seus f\u00e3s e seguidores nas redes sociais. Em uma publica\u00e7\u00e3o em sua p\u00e1gina do Facebook, Percella expressou sua admira\u00e7\u00e3o e [&hellip;]<\/p>","protected":false},"author":3,"featured_media":61925,"comment_status":"open","ping_status":"open","sticky":false,"template":"","format":"standard","meta":{"footnotes":""},"categories":[30],"tags":[37],"class_list":["post-61924","post","type-post","status-publish","format-standard","has-post-thumbnail","hentry","category-entretenimento","tag-luis-macamo"],"jetpack_featured_media_url":"https:\/\/ihapari.com\/wp-content\/uploads\/2024\/03\/Screenshot_20240309-092622_Instagram.jpg","_links":{"self":[{"href":"https:\/\/ihapari.com\/en\/wp-json\/wp\/v2\/posts\/61924","targetHints":{"allow":["GET"]}}],"collection":[{"href":"https:\/\/ihapari.com\/en\/wp-json\/wp\/v2\/posts"}],"about":[{"href":"https:\/\/ihapari.com\/en\/wp-json\/wp\/v2\/types\/post"}],"author":[{"embeddable":true,"href":"https:\/\/ihapari.com\/en\/wp-json\/wp\/v2\/users\/3"}],"replies":[{"embeddable":true,"href":"https:\/\/ihapari.com\/en\/wp-json\/wp\/v2\/comments?post=61924"}],"version-history":[{"count":3,"href":"https:\/\/ihapari.com\/en\/wp-json\/wp\/v2\/posts\/61924\/revisions"}],"predecessor-version":[{"id":61930,"href":"https:\/\/ihapari.com\/en\/wp-json\/wp\/v2\/posts\/61924\/revisions\/61930"}],"wp:featuredmedia":[{"embeddable":true,"href":"https:\/\/ihapari.com\/en\/wp-json\/wp\/v2\/media\/61925"}],"wp:attachment":[{"href":"https:\/\/ihapari.com\/en\/wp-json\/wp\/v2\/media?parent=61924"}],"wp:term":[{"taxonomy":"category","embeddable":true,"href":"https:\/\/ihapari.com\/en\/wp-json\/wp\/v2\/categories?post=61924"},{"taxonomy":"post_tag","embeddable":true,"href":"https:\/\/ihapari.com\/en\/wp-json\/wp\/v2\/tags?post=61924"}],"curies":[{"name":"wp","href":"https:\/\/api.w.org\/{rel}","templated":true}]}}