{"id":61892,"date":"2024-03-08T17:14:33","date_gmt":"2024-03-08T15:14:33","guid":{"rendered":"https:\/\/ihapari.com\/?p=61892"},"modified":"2024-03-08T17:14:33","modified_gmt":"2024-03-08T15:14:33","slug":"humoristas-tio-yado-e-angolano-animam-programa-televisivo-e-antecipam-espetaculo-conjunto","status":"publish","type":"post","link":"https:\/\/ihapari.com\/en\/humoristas-tio-yado-e-angolano-animam-programa-televisivo-e-antecipam-espetaculo-conjunto\/","title":{"rendered":"Humoristas Tio Yado e Angolano animam Programa Televisivo e Antecipam Espet\u00e1culo Conjunto"},"content":{"rendered":"<p>Na tarde de hoje, o renomado humorista mo\u00e7ambicano, Tio Yado, foi destaque no programa televisivo angolano &#8220;A Tarde \u00e9 Nossa&#8221;. Ao lado de um talentoso humorista angolano, os artistas compartilharam detalhes empolgantes sobre o espet\u00e1culo &#8220;Mo\u00e7ambique e Angola no Palco&#8221;.<\/p>\n<p>O evento, que promete ser uma celebra\u00e7\u00e3o da cultura lus\u00f3fona, est\u00e1 programado para ocorrer em diversos locais de Angola, unindo as vibrantes artes c\u00eanicas desses dois pa\u00edses irm\u00e3os. Um dos momentos mais aguardados ser\u00e1 o show do dia 09, neste s\u00e1bado, onde se espera a presen\u00e7a de diversos convidados especiais.<\/p>\n<p>Durante a entrevista, Tio Yado e seu colega angolano n\u00e3o apenas entretiveram o p\u00fablico com seu humor cativante, mas tamb\u00e9m destacaram a import\u00e2ncia da uni\u00e3o cultural entre Mo\u00e7ambique e Angola. Suas performances prometem oferecer uma mistura \u00fanica de com\u00e9dia e reflex\u00e3o, abordando temas que ressoam com pessoas de diferentes origens e experi\u00eancias.<\/p>\n<p>Com sua energia contagiante e talento ineg\u00e1vel, Tio Yado e seu companheiro angolano est\u00e3o prontos para cativar o p\u00fablico angolano e levar risos e alegria a todos que participarem do espet\u00e1culo. Este \u00e9 um evento imperd\u00edvel para aqueles que desejam celebrar a rica diversidade cultural que une os pa\u00edses lus\u00f3fonos.<\/p>\n<p>Prepare-se para uma noite de entretenimento memor\u00e1vel, onde risos s\u00e3o garantidos e a conex\u00e3o entre Mo\u00e7ambique e Angola \u00e9 celebrada em grande estilo. O show &#8220;Mo\u00e7ambique e Angola no Palco&#8221; promete ser uma experi\u00eancia inesquec\u00edvel para todos os presentes.<\/p>","protected":false},"excerpt":{"rendered":"<p>Na tarde de hoje, o renomado humorista mo\u00e7ambicano, Tio Yado, foi destaque no programa televisivo angolano &#8220;A Tarde \u00e9 Nossa&#8221;. Ao lado de um talentoso humorista angolano, os artistas compartilharam detalhes empolgantes sobre o espet\u00e1culo &#8220;Mo\u00e7ambique e Angola no Palco&#8221;. O evento, que promete ser uma celebra\u00e7\u00e3o da cultura lus\u00f3fona, est\u00e1 programado para ocorrer em [&hellip;]<\/p>","protected":false},"author":3,"featured_media":61893,"comment_status":"open","ping_status":"open","sticky":false,"template":"","format":"standard","meta":{"footnotes":""},"categories":[30],"tags":[37],"class_list":["post-61892","post","type-post","status-publish","format-standard","has-post-thumbnail","hentry","category-entretenimento","tag-luis-macamo"],"jetpack_featured_media_url":"https:\/\/ihapari.com\/wp-content\/uploads\/2024\/03\/Screenshot_20240308-165227_Lite.jpg","_links":{"self":[{"href":"https:\/\/ihapari.com\/en\/wp-json\/wp\/v2\/posts\/61892","targetHints":{"allow":["GET"]}}],"collection":[{"href":"https:\/\/ihapari.com\/en\/wp-json\/wp\/v2\/posts"}],"about":[{"href":"https:\/\/ihapari.com\/en\/wp-json\/wp\/v2\/types\/post"}],"author":[{"embeddable":true,"href":"https:\/\/ihapari.com\/en\/wp-json\/wp\/v2\/users\/3"}],"replies":[{"embeddable":true,"href":"https:\/\/ihapari.com\/en\/wp-json\/wp\/v2\/comments?post=61892"}],"version-history":[{"count":1,"href":"https:\/\/ihapari.com\/en\/wp-json\/wp\/v2\/posts\/61892\/revisions"}],"predecessor-version":[{"id":61894,"href":"https:\/\/ihapari.com\/en\/wp-json\/wp\/v2\/posts\/61892\/revisions\/61894"}],"wp:featuredmedia":[{"embeddable":true,"href":"https:\/\/ihapari.com\/en\/wp-json\/wp\/v2\/media\/61893"}],"wp:attachment":[{"href":"https:\/\/ihapari.com\/en\/wp-json\/wp\/v2\/media?parent=61892"}],"wp:term":[{"taxonomy":"category","embeddable":true,"href":"https:\/\/ihapari.com\/en\/wp-json\/wp\/v2\/categories?post=61892"},{"taxonomy":"post_tag","embeddable":true,"href":"https:\/\/ihapari.com\/en\/wp-json\/wp\/v2\/tags?post=61892"}],"curies":[{"name":"wp","href":"https:\/\/api.w.org\/{rel}","templated":true}]}}