{"id":61837,"date":"2024-03-07T14:10:27","date_gmt":"2024-03-07T12:10:27","guid":{"rendered":"https:\/\/ihapari.com\/?p=61837"},"modified":"2024-03-07T14:10:27","modified_gmt":"2024-03-07T12:10:27","slug":"aly-faque-uma-voz-resiliente-na-musica-e-na-luta-pelos-direitos-humanos","status":"publish","type":"post","link":"https:\/\/ihapari.com\/en\/aly-faque-uma-voz-resiliente-na-musica-e-na-luta-pelos-direitos-humanos\/","title":{"rendered":"Aly Faque: Uma Voz Resiliente na M\u00fasica e na Luta pelos Direitos Humanos"},"content":{"rendered":"<p>A hist\u00f3ria de Aly Faque \u00e9 uma narrativa de supera\u00e7\u00e3o, talento musical e compromisso com a justi\u00e7a social. Desde os primeiros acordes aprendidos na Escola de M\u00fasica da Casa da Cultura em Nampula at\u00e9 se tornar um dos nomes mais respeitados na cena musical mo\u00e7ambicana.<\/p>\n<p>Desde cedo, Aly demonstrou um talento promissor para a m\u00fasica, aprendendo a tocar guitarra na Escola de M\u00fasica da Casa da Cultura em Nampula. Sua dedica\u00e7\u00e3o e habilidade logo lhe renderam reconhecimento, incluindo v\u00e1rios pr\u00eamios no prestigiado N\u2019goma Mo\u00e7ambique, como o &#8220;Pr\u00eamio Revela\u00e7\u00e3o&#8221; em 1995 e o &#8220;Pr\u00eamio Carreira&#8221; em 2016, destacando sua contribui\u00e7\u00e3o duradoura para a m\u00fasica de seu pa\u00eds.<\/p>\n<p>Mas a jornada de Aly Faque vai al\u00e9m da m\u00fasica. Sua vida foi marcada por desafios pessoais, incluindo o abandono de seu pai por ser albino. Criado por sua m\u00e3e em meio a dificuldades, Aly encontrou na m\u00fasica uma forma de expressar suas emo\u00e7\u00f5es e superar as adversidades que enfrentava.<\/p>\n<p>Em 1991, Aly lan\u00e7ou &#8220;Kinachukuro&#8221;, uma can\u00e7\u00e3o de louvor e gratid\u00e3o ao omnipotente e um tributo emocionante \u00e0 m\u00e3e que o criou. Desde ent\u00e3o, sua m\u00fasica tem sido uma voz poderosa para transmitir mensagens de esperan\u00e7a, amor e resili\u00eancia.<\/p>\n<p>Al\u00e9m de sua carreira musical bem-sucedida, Aly Faque tamb\u00e9m \u00e9 conhecido por sua dedica\u00e7\u00e3o \u00e0 causa dos direitos dos albinos em Mo\u00e7ambique. Como ativista, ele luta incansavelmente contra a discrimina\u00e7\u00e3o e as atrocidades enfrentadas pela comunidade albina em seu pa\u00eds, destacando a import\u00e2ncia de justi\u00e7a e igualdade para todos.<\/p>\n<p>Aly Faque \u00e9 mais do que apenas um m\u00fasico talentoso; ele \u00e9 um s\u00edmbolo de resist\u00eancia e inspira\u00e7\u00e3o para todos que enfrentam adversidades. Sua jornada pessoal e profissional \u00e9 um lembrete poderoso do poder da m\u00fasica para unir, curar e inspirar mudan\u00e7as positivas no mundo.<\/p>","protected":false},"excerpt":{"rendered":"<p>A hist\u00f3ria de Aly Faque \u00e9 uma narrativa de supera\u00e7\u00e3o, talento musical e compromisso com a justi\u00e7a social. Desde os primeiros acordes aprendidos na Escola de M\u00fasica da Casa da Cultura em Nampula at\u00e9 se tornar um dos nomes mais respeitados na cena musical mo\u00e7ambicana. Desde cedo, Aly demonstrou um talento promissor para a m\u00fasica, [&hellip;]<\/p>","protected":false},"author":3,"featured_media":61838,"comment_status":"open","ping_status":"open","sticky":false,"template":"","format":"standard","meta":{"footnotes":""},"categories":[29,30],"tags":[37],"class_list":["post-61837","post","type-post","status-publish","format-standard","has-post-thumbnail","hentry","category-cultura","category-entretenimento","tag-luis-macamo"],"jetpack_featured_media_url":"https:\/\/ihapari.com\/wp-content\/uploads\/2024\/03\/Screenshot_20240307-135736_Chrome.jpg","_links":{"self":[{"href":"https:\/\/ihapari.com\/en\/wp-json\/wp\/v2\/posts\/61837","targetHints":{"allow":["GET"]}}],"collection":[{"href":"https:\/\/ihapari.com\/en\/wp-json\/wp\/v2\/posts"}],"about":[{"href":"https:\/\/ihapari.com\/en\/wp-json\/wp\/v2\/types\/post"}],"author":[{"embeddable":true,"href":"https:\/\/ihapari.com\/en\/wp-json\/wp\/v2\/users\/3"}],"replies":[{"embeddable":true,"href":"https:\/\/ihapari.com\/en\/wp-json\/wp\/v2\/comments?post=61837"}],"version-history":[{"count":1,"href":"https:\/\/ihapari.com\/en\/wp-json\/wp\/v2\/posts\/61837\/revisions"}],"predecessor-version":[{"id":61839,"href":"https:\/\/ihapari.com\/en\/wp-json\/wp\/v2\/posts\/61837\/revisions\/61839"}],"wp:featuredmedia":[{"embeddable":true,"href":"https:\/\/ihapari.com\/en\/wp-json\/wp\/v2\/media\/61838"}],"wp:attachment":[{"href":"https:\/\/ihapari.com\/en\/wp-json\/wp\/v2\/media?parent=61837"}],"wp:term":[{"taxonomy":"category","embeddable":true,"href":"https:\/\/ihapari.com\/en\/wp-json\/wp\/v2\/categories?post=61837"},{"taxonomy":"post_tag","embeddable":true,"href":"https:\/\/ihapari.com\/en\/wp-json\/wp\/v2\/tags?post=61837"}],"curies":[{"name":"wp","href":"https:\/\/api.w.org\/{rel}","templated":true}]}}