{"id":61807,"date":"2024-03-07T10:53:46","date_gmt":"2024-03-07T08:53:46","guid":{"rendered":"https:\/\/ihapari.com\/?p=61807"},"modified":"2024-03-07T10:53:46","modified_gmt":"2024-03-07T08:53:46","slug":"julia-duarte-e-princesa-mimae-se-apresentarao-em-tete-em-comemoracao-ao-dia-da-mulher-mocambicana","status":"publish","type":"post","link":"https:\/\/ihapari.com\/en\/julia-duarte-e-princesa-mimae-se-apresentarao-em-tete-em-comemoracao-ao-dia-da-mulher-mocambicana\/","title":{"rendered":"J\u00falia Duarte e Princesa Mim\u00e3e se Apresentar\u00e3o em Tete em Comemora\u00e7\u00e3o ao Dia da Mulher Mo\u00e7ambicana"},"content":{"rendered":"<p>No dia 07 de Abril, a cidade de Tete receber\u00e1 dois nomes conhecidos da m\u00fasica mo\u00e7ambicana: J\u00falia Duarte e Princesa Mim\u00e3e. O concerto, que acontecer\u00e1 em homenagem ao Dia da Mulher Mo\u00e7ambicana, promete ser um evento de destaque na cena musical local.<\/p>\n<p>J\u00falia Duarte e Princesa Mim\u00e3e s\u00e3o reconhecidas por suas contribui\u00e7\u00f5es para a m\u00fasica mo\u00e7ambicana, cada uma com sua pr\u00f3pria trajet\u00f3ria e sucessos ao longo dos anos. O concerto proporcionar\u00e1 aos f\u00e3s a oportunidade de ver essas artistas ao vivo, compartilhando seu talento no palco de Tete.<\/p>\n<p>A expectativa para o evento \u00e9 alta, com muitos f\u00e3s ansiosos para testemunhar a performance das duas artistas. A celebra\u00e7\u00e3o do Dia da Mulher Mo\u00e7ambicana adiciona um contexto especial ao concerto, destacando o papel das mulheres na ind\u00fastria musical e na sociedade em geral.<\/p>\n<p>O concerto de J\u00falia Duarte e Princesa Mim\u00e3e em Tete \u00e9 uma oportunidade para os moradores locais desfrutarem de uma noite de entretenimento e m\u00fasica ao vivo. Al\u00e9m disso, \u00e9 uma ocasi\u00e3o para refletir sobre a import\u00e2ncia do Dia da Mulher Mo\u00e7ambicana e reconhecer as conquistas das mulheres no pa\u00eds.<\/p>","protected":false},"excerpt":{"rendered":"<p>No dia 07 de Abril, a cidade de Tete receber\u00e1 dois nomes conhecidos da m\u00fasica mo\u00e7ambicana: J\u00falia Duarte e Princesa Mim\u00e3e. O concerto, que acontecer\u00e1 em homenagem ao Dia da Mulher Mo\u00e7ambicana, promete ser um evento de destaque na cena musical local. J\u00falia Duarte e Princesa Mim\u00e3e s\u00e3o reconhecidas por suas contribui\u00e7\u00f5es para a m\u00fasica [&hellip;]<\/p>","protected":false},"author":3,"featured_media":61808,"comment_status":"open","ping_status":"open","sticky":false,"template":"","format":"standard","meta":{"footnotes":""},"categories":[30],"tags":[37],"class_list":["post-61807","post","type-post","status-publish","format-standard","has-post-thumbnail","hentry","category-entretenimento","tag-luis-macamo"],"jetpack_featured_media_url":"https:\/\/ihapari.com\/wp-content\/uploads\/2024\/03\/Screenshot_20240307-104037_Lite.jpg","_links":{"self":[{"href":"https:\/\/ihapari.com\/en\/wp-json\/wp\/v2\/posts\/61807","targetHints":{"allow":["GET"]}}],"collection":[{"href":"https:\/\/ihapari.com\/en\/wp-json\/wp\/v2\/posts"}],"about":[{"href":"https:\/\/ihapari.com\/en\/wp-json\/wp\/v2\/types\/post"}],"author":[{"embeddable":true,"href":"https:\/\/ihapari.com\/en\/wp-json\/wp\/v2\/users\/3"}],"replies":[{"embeddable":true,"href":"https:\/\/ihapari.com\/en\/wp-json\/wp\/v2\/comments?post=61807"}],"version-history":[{"count":1,"href":"https:\/\/ihapari.com\/en\/wp-json\/wp\/v2\/posts\/61807\/revisions"}],"predecessor-version":[{"id":61809,"href":"https:\/\/ihapari.com\/en\/wp-json\/wp\/v2\/posts\/61807\/revisions\/61809"}],"wp:featuredmedia":[{"embeddable":true,"href":"https:\/\/ihapari.com\/en\/wp-json\/wp\/v2\/media\/61808"}],"wp:attachment":[{"href":"https:\/\/ihapari.com\/en\/wp-json\/wp\/v2\/media?parent=61807"}],"wp:term":[{"taxonomy":"category","embeddable":true,"href":"https:\/\/ihapari.com\/en\/wp-json\/wp\/v2\/categories?post=61807"},{"taxonomy":"post_tag","embeddable":true,"href":"https:\/\/ihapari.com\/en\/wp-json\/wp\/v2\/tags?post=61807"}],"curies":[{"name":"wp","href":"https:\/\/api.w.org\/{rel}","templated":true}]}}