{"id":61734,"date":"2024-03-05T20:06:08","date_gmt":"2024-03-05T18:06:08","guid":{"rendered":"https:\/\/ihapari.com\/?p=61734"},"modified":"2024-03-05T20:06:08","modified_gmt":"2024-03-05T18:06:08","slug":"gabriel-junior-e-ivo-mahel-regressam-a-capital-mocambicana","status":"publish","type":"post","link":"https:\/\/ihapari.com\/en\/gabriel-junior-e-ivo-mahel-regressam-a-capital-mocambicana\/","title":{"rendered":"Gabriel J\u00fanior e Ivo Mahel regressam \u00e0 capital mo\u00e7ambicana"},"content":{"rendered":"<p>No voo de volta \u00e0 cidade capital, Gabriel J\u00fanior e Ivo Mahel compartilharam n\u00e3o apenas um assento, mas tamb\u00e9m uma sensa\u00e7\u00e3o de satisfa\u00e7\u00e3o por mais uma miss\u00e3o bem-sucedida. Sua parceria din\u00e2mica como apresentadores do &#8220;Mo\u00e7ambique em Concerto&#8221; trouxe vida aos palco e conectou o p\u00fablico com a riqueza musical do pa\u00eds.<\/p>\n<p>Agora, os amantes da m\u00fasica mo\u00e7ambicana e fi\u00e9is seguidores do programa &#8220;Mo\u00e7ambique em Concerto&#8221; aguardam ansiosamente pela pr\u00f3xima agenda da &#8220;Caravana de Sucesso do Mo\u00e7ambique em Concerto&#8221;. Com base na expertise e na dedica\u00e7\u00e3o de Gabriel J\u00fanior e Ivo Mahel, podemos ter certeza de que mais espet\u00e1culos emocionantes e momentos memor\u00e1veis est\u00e3o por vir.<\/p>\n<p>Embora n\u00e3o sejam m\u00fasicos, Gabriel J\u00fanior e Ivo Mahel s\u00e3o verdadeiros mestres de cerim\u00f4nia, cujo talento e paix\u00e3o pela m\u00fasica mo\u00e7ambicana iluminam os palcos por onde passam. Sua contribui\u00e7\u00e3o para a cena musical do pa\u00eds vai al\u00e9m das performances, pois s\u00e3o os arquitetos por tr\u00e1s dos eventos que celebram e promovem a rica heran\u00e7a cultural de Mo\u00e7ambique.<\/p>\n<p>Enquanto aguardamos pelo pr\u00f3ximo cap\u00edtulo da jornada musical liderada por esses dois vision\u00e1rios, podemos ter certeza de que a m\u00fasica mo\u00e7ambicana continuar\u00e1 a brilhar sob seus cuidados atentos e sua orienta\u00e7\u00e3o habilidosa. Que a &#8220;Caravana de Sucesso do Mo\u00e7ambique em Concerto&#8221; continue a encantar audi\u00eancias e a inspirar novas gera\u00e7\u00f5es de talentos musicais, gra\u00e7as ao talento e dedica\u00e7\u00e3o de Gabriel J\u00fanior e Ivo Mahel.<\/p>","protected":false},"excerpt":{"rendered":"<p>No voo de volta \u00e0 cidade capital, Gabriel J\u00fanior e Ivo Mahel compartilharam n\u00e3o apenas um assento, mas tamb\u00e9m uma sensa\u00e7\u00e3o de satisfa\u00e7\u00e3o por mais uma miss\u00e3o bem-sucedida. Sua parceria din\u00e2mica como apresentadores do &#8220;Mo\u00e7ambique em Concerto&#8221; trouxe vida aos palco e conectou o p\u00fablico com a riqueza musical do pa\u00eds. Agora, os amantes da [&hellip;]<\/p>","protected":false},"author":3,"featured_media":61735,"comment_status":"open","ping_status":"open","sticky":false,"template":"","format":"standard","meta":{"footnotes":""},"categories":[30],"tags":[37],"class_list":["post-61734","post","type-post","status-publish","format-standard","has-post-thumbnail","hentry","category-entretenimento","tag-luis-macamo"],"jetpack_featured_media_url":"https:\/\/ihapari.com\/wp-content\/uploads\/2024\/03\/Screenshot_20240305-193848_Lite.jpg","_links":{"self":[{"href":"https:\/\/ihapari.com\/en\/wp-json\/wp\/v2\/posts\/61734","targetHints":{"allow":["GET"]}}],"collection":[{"href":"https:\/\/ihapari.com\/en\/wp-json\/wp\/v2\/posts"}],"about":[{"href":"https:\/\/ihapari.com\/en\/wp-json\/wp\/v2\/types\/post"}],"author":[{"embeddable":true,"href":"https:\/\/ihapari.com\/en\/wp-json\/wp\/v2\/users\/3"}],"replies":[{"embeddable":true,"href":"https:\/\/ihapari.com\/en\/wp-json\/wp\/v2\/comments?post=61734"}],"version-history":[{"count":1,"href":"https:\/\/ihapari.com\/en\/wp-json\/wp\/v2\/posts\/61734\/revisions"}],"predecessor-version":[{"id":61736,"href":"https:\/\/ihapari.com\/en\/wp-json\/wp\/v2\/posts\/61734\/revisions\/61736"}],"wp:featuredmedia":[{"embeddable":true,"href":"https:\/\/ihapari.com\/en\/wp-json\/wp\/v2\/media\/61735"}],"wp:attachment":[{"href":"https:\/\/ihapari.com\/en\/wp-json\/wp\/v2\/media?parent=61734"}],"wp:term":[{"taxonomy":"category","embeddable":true,"href":"https:\/\/ihapari.com\/en\/wp-json\/wp\/v2\/categories?post=61734"},{"taxonomy":"post_tag","embeddable":true,"href":"https:\/\/ihapari.com\/en\/wp-json\/wp\/v2\/tags?post=61734"}],"curies":[{"name":"wp","href":"https:\/\/api.w.org\/{rel}","templated":true}]}}