{"id":60671,"date":"2024-02-14T17:59:20","date_gmt":"2024-02-14T15:59:20","guid":{"rendered":"https:\/\/ihapari.com\/?p=60671"},"modified":"2024-02-14T17:59:20","modified_gmt":"2024-02-14T15:59:20","slug":"campeoes-nacionais-reforcam-se-na-amazonia-gabriel-silva-chega-aos-locomotivas","status":"publish","type":"post","link":"https:\/\/ihapari.com\/en\/campeoes-nacionais-reforcam-se-na-amazonia-gabriel-silva-chega-aos-locomotivas\/","title":{"rendered":"National Champions Strengthen Their Team in the Amazon: Gabriel Silva Joins the Locomotivas"},"content":{"rendered":"<p>Os atuais campe\u00f5es nacionais, Ferrovi\u00e1rio da Beira refor\u00e7am suas fileiras para manter a chama da vit\u00f3ria acesa. Em uma jogada estrat\u00e9gica e ousada, a equipe embarcou numa jornada at\u00e9 ao Brasil em busca de um talento promissor: Gabriel Silva.<\/p>\n<p>Com apenas 23 anos de idade e uma impressionante estatura de 192cm, Gabriel traz consigo um vigor e uma determina\u00e7\u00e3o que prometem fortalecer ainda mais os Locomotivas do Chiveve, principalmente na linha defensiva, onde sua expertise como defesa central se destaca. Sua habilidade de antecipa\u00e7\u00e3o, destreza na marca\u00e7\u00e3o e capacidade de lideran\u00e7a dentro de campo s\u00e3o atributos que n\u00e3o passaram despercebidos pela equipe t\u00e9cnica, que o acolheu de bra\u00e7os abertos como uma pe\u00e7a-chave para as pr\u00f3ximas batalhas.<\/p>\n<p>A trajet\u00f3ria de Gabriel Silva at\u00e9 chegar aos Locomotivas do Chiveve \u00e9 uma hist\u00f3ria de perseveran\u00e7a e talento bruto lapidado nas \u00e1rduas competi\u00e7\u00f5es dos campos brasileiros. Sua ascens\u00e3o mete\u00f3rica despertou o interesse de diversos clubes, mas foi a vis\u00e3o e o comprometimento dos Campe\u00f5es Nacionais que o convenceram a seguir rumo a novos horizontes.<\/p>\n<p>Ao firmar seu nome nos Locomotivas do Chiveve, Gabriel n\u00e3o apenas se junta a uma equipe de elite, mas tamb\u00e9m abra\u00e7a o desafio de representar uma comunidade de f\u00e3s apaixonados, que depositam nele suas esperan\u00e7as e sonhos de mais conquistas e gl\u00f3rias.<\/p>","protected":false},"excerpt":{"rendered":"<p>The reigning national champions, Ferrovi\u00e1rio da Beira, are strengthening their ranks to keep the flame of victory burning. In a strategic and daring move, the team embarked on a journey to Brazil in search of a promising talent: Gabriel Silva. At only 23 years old and an impressive height of 192cm, Gabriel brings with him a [\u2026]<\/p>","protected":false},"author":4,"featured_media":60672,"comment_status":"open","ping_status":"open","sticky":false,"template":"","format":"standard","meta":{"footnotes":""},"categories":[93],"tags":[37],"class_list":["post-60671","post","type-post","status-publish","format-standard","has-post-thumbnail","hentry","category-mocambola-2024","tag-luis-macamo"],"jetpack_featured_media_url":"https:\/\/ihapari.com\/wp-content\/uploads\/2024\/02\/Screenshot_20240214-170509_Lite.jpg","_links":{"self":[{"href":"https:\/\/ihapari.com\/en\/wp-json\/wp\/v2\/posts\/60671","targetHints":{"allow":["GET"]}}],"collection":[{"href":"https:\/\/ihapari.com\/en\/wp-json\/wp\/v2\/posts"}],"about":[{"href":"https:\/\/ihapari.com\/en\/wp-json\/wp\/v2\/types\/post"}],"author":[{"embeddable":true,"href":"https:\/\/ihapari.com\/en\/wp-json\/wp\/v2\/users\/4"}],"replies":[{"embeddable":true,"href":"https:\/\/ihapari.com\/en\/wp-json\/wp\/v2\/comments?post=60671"}],"version-history":[{"count":1,"href":"https:\/\/ihapari.com\/en\/wp-json\/wp\/v2\/posts\/60671\/revisions"}],"predecessor-version":[{"id":60673,"href":"https:\/\/ihapari.com\/en\/wp-json\/wp\/v2\/posts\/60671\/revisions\/60673"}],"wp:featuredmedia":[{"embeddable":true,"href":"https:\/\/ihapari.com\/en\/wp-json\/wp\/v2\/media\/60672"}],"wp:attachment":[{"href":"https:\/\/ihapari.com\/en\/wp-json\/wp\/v2\/media?parent=60671"}],"wp:term":[{"taxonomy":"category","embeddable":true,"href":"https:\/\/ihapari.com\/en\/wp-json\/wp\/v2\/categories?post=60671"},{"taxonomy":"post_tag","embeddable":true,"href":"https:\/\/ihapari.com\/en\/wp-json\/wp\/v2\/tags?post=60671"}],"curies":[{"name":"wp","href":"https:\/\/api.w.org\/{rel}","templated":true}]}}