{"id":60548,"date":"2024-02-12T18:42:29","date_gmt":"2024-02-12T16:42:29","guid":{"rendered":"https:\/\/ihapari.com\/?p=60548"},"modified":"2024-02-12T18:42:29","modified_gmt":"2024-02-12T16:42:29","slug":"ricardo-ferreira-desabafa-sobre-a-falha-na-qualificacao-do-futsal-mocambicano-uma-carta-aberta-ao-esporte","status":"publish","type":"post","link":"https:\/\/ihapari.com\/en\/ricardo-ferreira-desabafa-sobre-a-falha-na-qualificacao-do-futsal-mocambicano-uma-carta-aberta-ao-esporte\/","title":{"rendered":"Ricardo Ferreira Desabafa Sobre a Falha na Qualifica\u00e7\u00e3o do Futsal Mo\u00e7ambicano: Uma Carta Aberta ao Esporte"},"content":{"rendered":"<p>O jogador mo\u00e7ambicano Ricardo Ferreira, conhecido por sua atua\u00e7\u00e3o no cen\u00e1rio internacional do futsal, fez uma declara\u00e7\u00e3o contundente ap\u00f3s a falha da sele\u00e7\u00e3o nacional na qualifica\u00e7\u00e3o para o Campeonato Africano de Futsal. Em uma carta aberta direcionada ao futsal mo\u00e7ambicano, Ferreira expressou sua frustra\u00e7\u00e3o e desapontamento com a maneira como a situa\u00e7\u00e3o foi tratada.<\/p>\n<p>Na mensagem, Ferreira come\u00e7a destacando o orgulho e a felicidade que sente ao ser convocado para representar seu pa\u00eds, ressaltando a responsabilidade e a alegria que essa oportunidade traz. No entanto, ele logo passa a abordar as circunst\u00e2ncias que o levaram a n\u00e3o participar dos jogos de qualifica\u00e7\u00e3o recentes, apontando para uma falta de comunica\u00e7\u00e3o e transpar\u00eancia por parte da Federa\u00e7\u00e3o Mo\u00e7ambicana de Futebol (FMF).<\/p>\n<p>O jogador revela que, apesar de ter sido convocado, n\u00e3o participou dos jogos por motivos que n\u00e3o foram devidamente esclarecidos para ele. Ele expressa sua consterna\u00e7\u00e3o ao descobrir, por meio de colegas de equipe, que ele e outro jogador foram exclu\u00eddos da convoca\u00e7\u00e3o devido a &#8220;motivos profissionais&#8221;. Essa falta de explica\u00e7\u00e3o clara e a comunica\u00e7\u00e3o tardia deixaram Ferreira perplexo e indignado.<\/p>\n<p>Ao longo da carta, Ferreira questiona a falta de profissionalismo e organiza\u00e7\u00e3o da FMF, apontando para uma s\u00e9rie de incidentes anteriores que evidenciam a falta de respeito e considera\u00e7\u00e3o com os atletas. Ele destaca a import\u00e2ncia de fornecer condi\u00e7\u00f5es adequadas para os jogadores representarem seu pa\u00eds e expressa sua frustra\u00e7\u00e3o com a falta de suporte e prepara\u00e7\u00e3o para os jogos de qualifica\u00e7\u00e3o.<\/p>\n<p>Ferreira encerra sua mensagem ressaltando seu compromisso e disposi\u00e7\u00e3o para representar Mo\u00e7ambique, mas enfatiza a necessidade de uma mudan\u00e7a significativa na abordagem do futsal mo\u00e7ambicano. Sua carta aberta serve como um apelo para uma maior transpar\u00eancia, respeito e profissionalismo dentro da federa\u00e7\u00e3o, visando melhorar as condi\u00e7\u00f5es para os atletas e garantir o sucesso do esporte no pa\u00eds.<\/p>\n<p>A mensagem de Ricardo Ferreira destaca n\u00e3o apenas os desafios enfrentados pelos atletas de elite, mas tamb\u00e9m a import\u00e2ncia de uma estrutura organizacional s\u00f3lida e de apoio para o desenvolvimento do esporte em Mo\u00e7ambique.<\/p>","protected":false},"excerpt":{"rendered":"<p>O jogador mo\u00e7ambicano Ricardo Ferreira, conhecido por sua atua\u00e7\u00e3o no cen\u00e1rio internacional do futsal, fez uma declara\u00e7\u00e3o contundente ap\u00f3s a falha da sele\u00e7\u00e3o nacional na qualifica\u00e7\u00e3o para o Campeonato Africano de Futsal. Em uma carta aberta direcionada ao futsal mo\u00e7ambicano, Ferreira expressou sua frustra\u00e7\u00e3o e desapontamento com a maneira como a situa\u00e7\u00e3o foi tratada. Na [&hellip;]<\/p>","protected":false},"author":4,"featured_media":60549,"comment_status":"open","ping_status":"open","sticky":false,"template":"","format":"standard","meta":{"footnotes":""},"categories":[54],"tags":[37],"class_list":["post-60548","post","type-post","status-publish","format-standard","has-post-thumbnail","hentry","category-jogadores-mocambicanos-que-militam-na-diaspora","tag-luis-macamo"],"jetpack_featured_media_url":"https:\/\/ihapari.com\/wp-content\/uploads\/2024\/02\/Screenshot_20240212-184012_Lite.jpg","_links":{"self":[{"href":"https:\/\/ihapari.com\/en\/wp-json\/wp\/v2\/posts\/60548","targetHints":{"allow":["GET"]}}],"collection":[{"href":"https:\/\/ihapari.com\/en\/wp-json\/wp\/v2\/posts"}],"about":[{"href":"https:\/\/ihapari.com\/en\/wp-json\/wp\/v2\/types\/post"}],"author":[{"embeddable":true,"href":"https:\/\/ihapari.com\/en\/wp-json\/wp\/v2\/users\/4"}],"replies":[{"embeddable":true,"href":"https:\/\/ihapari.com\/en\/wp-json\/wp\/v2\/comments?post=60548"}],"version-history":[{"count":1,"href":"https:\/\/ihapari.com\/en\/wp-json\/wp\/v2\/posts\/60548\/revisions"}],"predecessor-version":[{"id":60550,"href":"https:\/\/ihapari.com\/en\/wp-json\/wp\/v2\/posts\/60548\/revisions\/60550"}],"wp:featuredmedia":[{"embeddable":true,"href":"https:\/\/ihapari.com\/en\/wp-json\/wp\/v2\/media\/60549"}],"wp:attachment":[{"href":"https:\/\/ihapari.com\/en\/wp-json\/wp\/v2\/media?parent=60548"}],"wp:term":[{"taxonomy":"category","embeddable":true,"href":"https:\/\/ihapari.com\/en\/wp-json\/wp\/v2\/categories?post=60548"},{"taxonomy":"post_tag","embeddable":true,"href":"https:\/\/ihapari.com\/en\/wp-json\/wp\/v2\/tags?post=60548"}],"curies":[{"name":"wp","href":"https:\/\/api.w.org\/{rel}","templated":true}]}}