{"id":60490,"date":"2024-02-11T17:49:54","date_gmt":"2024-02-11T15:49:54","guid":{"rendered":"https:\/\/ihapari.com\/?p=60490"},"modified":"2024-02-11T17:49:54","modified_gmt":"2024-02-11T15:49:54","slug":"o-fim-de-carreira-do-renomado-jogador-mocambicano-zainadine-junior-esta-se-transformando-em-um-pesadelo-dia-apos-dia-com-sua-ausencia-nas-convocacoes-tanto-para-sua-selecao-nacional-quanto-para-seu-c","status":"publish","type":"post","link":"https:\/\/ihapari.com\/en\/o-fim-de-carreira-do-renomado-jogador-mocambicano-zainadine-junior-esta-se-transformando-em-um-pesadelo-dia-apos-dia-com-sua-ausencia-nas-convocacoes-tanto-para-sua-selecao-nacional-quanto-para-seu-c\/","title":{"rendered":"The end of the career of renowned Mozambican player Zainadine J\u00fanior is turning into a nightmare day by day, with his absence from call-ups for both his national team and his club, Mar\u00edtimo, where he plays as captain."},"content":{"rendered":"<p>The central defender, who has had some great performances throughout his career, is facing a challenging phase since Mar\u00edtimo&#039;s relegation to the second division of the Portuguese league.<\/p>\n<p>Last season, Zainadine J\u00fanior was praised by the Portuguese press for his excellent performances on the field. However, since the beginning of this season, his career has faced a series of difficulties. Call-ups for matches, both for Mar\u00edtimo and the national team, have been scarce, and his presence on the field has become rare.<\/p>\n<p>This turn of events in Zainadine J\u00fanior&#039;s career raises questions about what is happening to the talented Mozambican footballer. After a standout and acclaimed season, his absence from the national team is surprising and worrying for his fans and admirers.<\/p>\n<p>It&#039;s possible that a number of factors are contributing to this difficult situation. Mar\u00edtimo&#039;s relegation to the second division may have affected the player&#039;s visibility and recognition, while changes in club management or personal issues may be influencing his performance on the field.<\/p>\n<p>Furthermore, the transitional phase of his career, as it nears its end, may be generating additional pressure and affecting his confidence and performance. Regardless of the reasons behind this challenging phase, it is clear that Zainadine J\u00fanior is facing a true test of resilience and determination.<\/p>\n<p>We hope that Zainadine J\u00fanior&#039;s talent and dedication will prevail, and that he can overcome these obstacles and shine again on the pitch. May he find the support and guidance he needs to face this difficult phase and regain his position as one of the leading players in Mozambican football. And may his fans continue to support him unconditionally, recognizing his talent and contribution to the sport in his country and beyond.<\/p>","protected":false},"excerpt":{"rendered":"<p>O defesa central, que j\u00e1 teve grandes exibi\u00e7\u00f5es durante sua carreira, est\u00e1 enfrentando uma fase desafiadora desde a queda do Mar\u00edtimo para a segunda divis\u00e3o do campeonato portugu\u00eas. Durante a \u00faltima temporada, Zainadine J\u00fanior foi elogiado pela imprensa portuguesa por suas excelentes performances em campo. No entanto, desde o in\u00edcio da presente \u00e9poca, sua carreira [&hellip;]<\/p>","protected":false},"author":4,"featured_media":60491,"comment_status":"open","ping_status":"open","sticky":false,"template":"","format":"standard","meta":{"footnotes":""},"categories":[54],"tags":[37],"class_list":["post-60490","post","type-post","status-publish","format-standard","has-post-thumbnail","hentry","category-jogadores-mocambicanos-que-militam-na-diaspora","tag-luis-macamo"],"jetpack_featured_media_url":"https:\/\/ihapari.com\/wp-content\/uploads\/2024\/02\/Zainadine-Junior-no-onze-ideal-de-Fevereiro-na-Liga-Nos.jpg","_links":{"self":[{"href":"https:\/\/ihapari.com\/en\/wp-json\/wp\/v2\/posts\/60490","targetHints":{"allow":["GET"]}}],"collection":[{"href":"https:\/\/ihapari.com\/en\/wp-json\/wp\/v2\/posts"}],"about":[{"href":"https:\/\/ihapari.com\/en\/wp-json\/wp\/v2\/types\/post"}],"author":[{"embeddable":true,"href":"https:\/\/ihapari.com\/en\/wp-json\/wp\/v2\/users\/4"}],"replies":[{"embeddable":true,"href":"https:\/\/ihapari.com\/en\/wp-json\/wp\/v2\/comments?post=60490"}],"version-history":[{"count":1,"href":"https:\/\/ihapari.com\/en\/wp-json\/wp\/v2\/posts\/60490\/revisions"}],"predecessor-version":[{"id":60492,"href":"https:\/\/ihapari.com\/en\/wp-json\/wp\/v2\/posts\/60490\/revisions\/60492"}],"wp:featuredmedia":[{"embeddable":true,"href":"https:\/\/ihapari.com\/en\/wp-json\/wp\/v2\/media\/60491"}],"wp:attachment":[{"href":"https:\/\/ihapari.com\/en\/wp-json\/wp\/v2\/media?parent=60490"}],"wp:term":[{"taxonomy":"category","embeddable":true,"href":"https:\/\/ihapari.com\/en\/wp-json\/wp\/v2\/categories?post=60490"},{"taxonomy":"post_tag","embeddable":true,"href":"https:\/\/ihapari.com\/en\/wp-json\/wp\/v2\/tags?post=60490"}],"curies":[{"name":"wp","href":"https:\/\/api.w.org\/{rel}","templated":true}]}}