{"id":60326,"date":"2024-02-08T20:53:52","date_gmt":"2024-02-08T18:53:52","guid":{"rendered":"https:\/\/ihapari.com\/?p=60326"},"modified":"2024-02-08T20:53:52","modified_gmt":"2024-02-08T18:53:52","slug":"fmf-emite-nota-de-esclarecimento-sobre-alegacoes-de-comportamento-promiscuo-de-jogadores-da-selecao-nacional","status":"publish","type":"post","link":"https:\/\/ihapari.com\/en\/fmf-emite-nota-de-esclarecimento-sobre-alegacoes-de-comportamento-promiscuo-de-jogadores-da-selecao-nacional\/","title":{"rendered":"FMF emite nota de esclarecimento sobre alega\u00e7\u00f5es de comportamento prom\u00edscuo de jogadores da Sele\u00e7\u00e3o Nacional"},"content":{"rendered":"<p>A Federa\u00e7\u00e3o Mo\u00e7ambicana de Futebol (FMF) emitiu uma nota de esclarecimento em resposta a alega\u00e7\u00f5es de comportamento prom\u00edscuo por parte de jogadores da Sele\u00e7\u00e3o Nacional durante a participa\u00e7\u00e3o na Ta\u00e7a das Na\u00e7\u00f5es Africanas, realizada na Costa do Marfim em 2023.<\/p>\n<p>Atrav\u00e9s do comunicado NE N\u00ba 001\/FMF\/2024, a FMF afirmou que tomou conhecimento das informa\u00e7\u00f5es que circulam nas redes sociais e em alguns jornais nacionais, mas enfatizou que n\u00e3o registou qualquer caso de indisciplina ou comportamento contr\u00e1rio \u00e0s regras estabelecidas durante o per\u00edodo de perman\u00eancia da Sele\u00e7\u00e3o Nacional na Costa do Marfim.<\/p>\n<p>A Dire\u00e7\u00e3o Executiva da FMF ressaltou que as alega\u00e7\u00f5es carecem de provas e destacou que a delega\u00e7\u00e3o mo\u00e7ambicana no evento n\u00e3o foi notificada pelas autoridades costa-marfinenses nem pela Confedera\u00e7\u00e3o Africana de Futebol (CAF) sobre qualquer envolvimento de jogadores em atos de indisciplina.<\/p>\n<p>Diante disso, a FMF distanciou-se das informa\u00e7\u00f5es que considera serem de m\u00e1-f\u00e9, afirmando que tais alega\u00e7\u00f5es visam unicamente prejudicar a integridade e a boa reputa\u00e7\u00e3o dos jogadores que representaram com bravura e brilhantismo as cores nacionais dentro e fora dos campos de futebol.<\/p>\n<p>A nota de esclarecimento da FMF reiterou o compromisso da institui\u00e7\u00e3o em defender a imagem e o nome dos atletas e da pr\u00f3pria entidade, ressaltando a import\u00e2ncia da integridade e do respeito \u00e0s regras estabelecidas.<\/p>","protected":false},"excerpt":{"rendered":"<p>A Federa\u00e7\u00e3o Mo\u00e7ambicana de Futebol (FMF) emitiu uma nota de esclarecimento em resposta a alega\u00e7\u00f5es de comportamento prom\u00edscuo por parte de jogadores da Sele\u00e7\u00e3o Nacional durante a participa\u00e7\u00e3o na Ta\u00e7a das Na\u00e7\u00f5es Africanas, realizada na Costa do Marfim em 2023. Atrav\u00e9s do comunicado NE N\u00ba 001\/FMF\/2024, a FMF afirmou que tomou conhecimento das informa\u00e7\u00f5es que [&hellip;]<\/p>","protected":false},"author":4,"featured_media":60327,"comment_status":"open","ping_status":"open","sticky":false,"template":"","format":"standard","meta":{"footnotes":""},"categories":[53],"tags":[37],"class_list":["post-60326","post","type-post","status-publish","format-standard","has-post-thumbnail","hentry","category-desporto","tag-luis-macamo"],"jetpack_featured_media_url":"https:\/\/ihapari.com\/wp-content\/uploads\/2024\/02\/FMF.jpg","_links":{"self":[{"href":"https:\/\/ihapari.com\/en\/wp-json\/wp\/v2\/posts\/60326","targetHints":{"allow":["GET"]}}],"collection":[{"href":"https:\/\/ihapari.com\/en\/wp-json\/wp\/v2\/posts"}],"about":[{"href":"https:\/\/ihapari.com\/en\/wp-json\/wp\/v2\/types\/post"}],"author":[{"embeddable":true,"href":"https:\/\/ihapari.com\/en\/wp-json\/wp\/v2\/users\/4"}],"replies":[{"embeddable":true,"href":"https:\/\/ihapari.com\/en\/wp-json\/wp\/v2\/comments?post=60326"}],"version-history":[{"count":1,"href":"https:\/\/ihapari.com\/en\/wp-json\/wp\/v2\/posts\/60326\/revisions"}],"predecessor-version":[{"id":60328,"href":"https:\/\/ihapari.com\/en\/wp-json\/wp\/v2\/posts\/60326\/revisions\/60328"}],"wp:featuredmedia":[{"embeddable":true,"href":"https:\/\/ihapari.com\/en\/wp-json\/wp\/v2\/media\/60327"}],"wp:attachment":[{"href":"https:\/\/ihapari.com\/en\/wp-json\/wp\/v2\/media?parent=60326"}],"wp:term":[{"taxonomy":"category","embeddable":true,"href":"https:\/\/ihapari.com\/en\/wp-json\/wp\/v2\/categories?post=60326"},{"taxonomy":"post_tag","embeddable":true,"href":"https:\/\/ihapari.com\/en\/wp-json\/wp\/v2\/tags?post=60326"}],"curies":[{"name":"wp","href":"https:\/\/api.w.org\/{rel}","templated":true}]}}