{"id":58791,"date":"2024-01-04T09:11:17","date_gmt":"2024-01-04T07:11:17","guid":{"rendered":"https:\/\/ihapari.com\/?p=58791"},"modified":"2024-01-04T09:11:17","modified_gmt":"2024-01-04T07:11:17","slug":"reflexoes-sobre-a-valorizacao-da-classe-artistica-mocambicana-em-2024","status":"publish","type":"post","link":"https:\/\/ihapari.com\/en\/reflexoes-sobre-a-valorizacao-da-classe-artistica-mocambicana-em-2024\/","title":{"rendered":"Reflections on the Appreciation of the Mozambican Artistic Class in 2024"},"content":{"rendered":"<p>Nos primeiros dias de 2024, j\u00e1 s\u00e3o vis\u00edveis os cartazes anunciando a chegada de artistas internacionais ao solo p\u00e1trio, o que suscita questionamentos sobre os resultados dos debates que marcaram o final de 2023. Diante disso, surge a indaga\u00e7\u00e3o: os problemas culturais que geraram intensos debates nos programas de entretenimento em 2023 persistir\u00e3o em 2024?<\/p>\n<p>A classe art\u00edstica mo\u00e7ambicana enfrentou desafios not\u00e1veis em 2023, dando origem a debates acalorados em diversos programas televisivos. \u00c0 medida que entramos em 2024, a quest\u00e3o central \u00e9 se as discuss\u00f5es resultar\u00e3o em mudan\u00e7as significativas para a valoriza\u00e7\u00e3o dos artistas nacionais. Como podemos garantir que a classe art\u00edstica se sinta verdadeiramente valorizada neste novo ano?<\/p>\n<p>Gilm\u00e1rio Vemba, um humorista angolano, exemplifica a presen\u00e7a de artistas internacionais no cen\u00e1rio mo\u00e7ambicano, com uma agenda ambiciosa de quatro shows em diferentes prov\u00edncias em fevereiro. A presen\u00e7a desses artistas estrangeiros levanta a quest\u00e3o de como a classe art\u00edstica local pode competir e ser valorizada em meio a essa din\u00e2mica.<\/p>\n<p>Para promover uma maior valoriza\u00e7\u00e3o dos artistas mo\u00e7ambicanos em 2024, \u00e9 crucial implementar mudan\u00e7as significativas. Primeiramente, \u00e9 necess\u00e1rio promover pol\u00edticas culturais que incentivem e protejam os artistas locais, garantindo que sejam justamente remunerados pelo seu trabalho. Al\u00e9m disso, investir em infraestruturas culturais, como espa\u00e7os para espet\u00e1culos e est\u00fadios de qualidade, contribuir\u00e1 para elevar a qualidade e a visibilidade da produ\u00e7\u00e3o art\u00edstica local.<\/p>\n<p>A colabora\u00e7\u00e3o entre artistas mo\u00e7ambicanos e estrangeiros pode ser uma oportunidade valiosa, desde que seja uma rela\u00e7\u00e3o equitativa e que valorize a autenticidade da cultura local. Promover eventos que destaquem a riqueza da arte mo\u00e7ambicana pode fortalecer a identidade cultural e atrair aten\u00e7\u00e3o tanto nacional quanto internacional.<\/p>\n<p>O caso espec\u00edfico de Gilm\u00e1rio Vemba, com seus shows em v\u00e1rias prov\u00edncias do pa\u00eds, aponta para a demanda do p\u00fablico mo\u00e7ambicano por entretenimento de qualidade. Contudo, \u00e9 essencial garantir que os artistas locais tamb\u00e9m tenham oportunidades semelhantes de atuar e ser reconhecidos em todo o pa\u00eds.<\/p>\n<p>Para que 2024 seja verdadeiramente o ano da valoriza\u00e7\u00e3o da classe art\u00edstica mo\u00e7ambicana, \u00e9 imperativo que haja um compromisso coletivo de todas as partes interessadas &#8211; governamentais, empresariais e p\u00fablicas. Somente atrav\u00e9s de uma abordagem colaborativa e investimentos estrat\u00e9gicos, ser\u00e1 poss\u00edvel criar um ambiente prop\u00edcio para que os artistas nacionais prosperem e sejam devidamente reconhecidos pelo seu contributo vital para a riqueza cultural de Mo\u00e7ambique.<\/p>","protected":false},"excerpt":{"rendered":"<p>In the first days of 2024, posters announcing the arrival of international artists to the country are already visible, raising questions about the results of the debates that marked the end of 2023. Given this, the question arises: will the cultural problems that generated intense debates in entertainment programs in 2023 persist in 2024? [\u2026]<\/p>","protected":false},"author":3,"featured_media":58792,"comment_status":"open","ping_status":"open","sticky":false,"template":"","format":"standard","meta":{"footnotes":""},"categories":[29],"tags":[37],"class_list":["post-58791","post","type-post","status-publish","format-standard","has-post-thumbnail","hentry","category-cultura","tag-luis-macamo"],"jetpack_featured_media_url":"https:\/\/ihapari.com\/wp-content\/uploads\/2024\/01\/1704350040323.jpg","_links":{"self":[{"href":"https:\/\/ihapari.com\/en\/wp-json\/wp\/v2\/posts\/58791","targetHints":{"allow":["GET"]}}],"collection":[{"href":"https:\/\/ihapari.com\/en\/wp-json\/wp\/v2\/posts"}],"about":[{"href":"https:\/\/ihapari.com\/en\/wp-json\/wp\/v2\/types\/post"}],"author":[{"embeddable":true,"href":"https:\/\/ihapari.com\/en\/wp-json\/wp\/v2\/users\/3"}],"replies":[{"embeddable":true,"href":"https:\/\/ihapari.com\/en\/wp-json\/wp\/v2\/comments?post=58791"}],"version-history":[{"count":1,"href":"https:\/\/ihapari.com\/en\/wp-json\/wp\/v2\/posts\/58791\/revisions"}],"predecessor-version":[{"id":58793,"href":"https:\/\/ihapari.com\/en\/wp-json\/wp\/v2\/posts\/58791\/revisions\/58793"}],"wp:featuredmedia":[{"embeddable":true,"href":"https:\/\/ihapari.com\/en\/wp-json\/wp\/v2\/media\/58792"}],"wp:attachment":[{"href":"https:\/\/ihapari.com\/en\/wp-json\/wp\/v2\/media?parent=58791"}],"wp:term":[{"taxonomy":"category","embeddable":true,"href":"https:\/\/ihapari.com\/en\/wp-json\/wp\/v2\/categories?post=58791"},{"taxonomy":"post_tag","embeddable":true,"href":"https:\/\/ihapari.com\/en\/wp-json\/wp\/v2\/tags?post=58791"}],"curies":[{"name":"wp","href":"https:\/\/api.w.org\/{rel}","templated":true}]}}