{"id":58106,"date":"2023-12-16T16:04:04","date_gmt":"2023-12-16T14:04:04","guid":{"rendered":"https:\/\/ihapari.com\/?p=58106"},"modified":"2023-12-16T16:04:04","modified_gmt":"2023-12-16T14:04:04","slug":"o-silencio-ensurdecedor-o-contraste-entre-noticias-e-valorizacao-na-musica-mocambicana","status":"publish","type":"post","link":"https:\/\/ihapari.com\/en\/o-silencio-ensurdecedor-o-contraste-entre-noticias-e-valorizacao-na-musica-mocambicana\/","title":{"rendered":"O Sil\u00eancio Ensurdecedor: O Contraste Entre Not\u00edcias e Valoriza\u00e7\u00e3o na M\u00fasica Mo\u00e7ambicana"},"content":{"rendered":"<div class=\"flex-1 overflow-hidden\">\n<div class=\"react-scroll-to-bottom--css-leckx-79elbk h-full\">\n<div class=\"react-scroll-to-bottom--css-leckx-1n7m0yu\">\n<div class=\"flex flex-col pb-9 text-sm\">\n<div class=\"w-full text-token-text-primary\" data-testid=\"conversation-turn-67\">\n<div class=\"px-4 py-2 justify-center text-base md:gap-6 m-auto\">\n<div class=\"flex flex-1 text-base mx-auto gap-3 md:px-5 lg:px-1 xl:px-5 md:max-w-3xl lg:max-w-[40rem] xl:max-w-[48rem] group final-completion\">\n<div class=\"relative flex w-full flex-col lg:w-[calc(100%-115px)] agent-turn\">\n<div class=\"flex-col gap-1 md:gap-3\">\n<div class=\"flex flex-grow flex-col max-w-full\">\n<div class=\"min-h-[20px] text-message flex flex-col items-start gap-3 whitespace-pre-wrap break-words [.text-message+&amp;]:mt-5 overflow-x-auto\" data-message-author-role=\"assistant\" data-message-id=\"97c9bba6-e299-4d54-a4cf-63a82cf2d0f6\">\n<div class=\"markdown prose w-full break-words dark:prose-invert dark\">\n<p>Num cen\u00e1rio onde as redes sociais moldam a percep\u00e7\u00e3o p\u00fablica, observamos um padr\u00e3o persistente na forma como as figuras p\u00fablicas mo\u00e7ambicanas s\u00e3o abordadas. O recente lan\u00e7amento do filme &#8220;O Pre\u00e7o da Fama&#8221; por Ogah Siz e os trabalhos de artistas como Case Buyakha e Cleyton David ilustram um fen\u00f4meno interessante: o destaque exacerbado dado \u00e0s pol\u00eamicas em detrimento dos feitos positivos.<\/p>\n<p>Ogah Siz estreou o t\u00e3o aguardado &#8220;O Pre\u00e7o da Fama&#8221; na quinta-feira, mas ap\u00f3s o evento inicial, o sil\u00eancio virtual foi ensurdecedor. O rapper Case Buyakha, que ao longo do ano lan\u00e7ou uma s\u00e9rie de v\u00eddeos e, recentemente, encerrou 2023 com o \u00e1lbum &#8220;Embaixador&#8221;, enfrenta uma not\u00f3ria escassez de cobertura midi\u00e1tica. O mesmo se aplica a Cleyton David e sua EP &#8220;Puto da Bandula&#8221;.<\/p>\n<p>A reflex\u00e3o central \u00e9 inevit\u00e1vel: se Ogah Siz tivesse enfrentado alguma controv\u00e9rsia ap\u00f3s a estreia do filme, ser\u00e1 que a rea\u00e7\u00e3o nas redes sociais seria a mesma? E se, no in\u00edcio do ano, ou agora no encerramento de 2023, Case Buyakha estivesse envolvido em pol\u00eamicas, ser\u00e1 que a cobertura medi\u00e1tica seria t\u00e3o escassa? E, se porventura, Cleyton David estivesse no centro de uma pol\u00eamica, ser\u00e1 que o assunto n\u00e3o estaria ainda a reverberar?<\/p>\n<p>A constante prefer\u00eancia por not\u00edcias negativas sobre figuras p\u00fablicas mo\u00e7ambicanas levanta preocupa\u00e7\u00f5es sobre o impacto disso na promo\u00e7\u00e3o da cultura local. A m\u00fasica mo\u00e7ambicana, por exemplo, \u00e9 um produto rico e diversificado que muitas vezes n\u00e3o recebe a aten\u00e7\u00e3o que merece. A pergunta crucial \u00e9: at\u00e9 quando estaremos atentos apenas para os aspectos negativos das figuras p\u00fablicas e seremos lentos para destacar e valorizar as realiza\u00e7\u00f5es positivas?<\/p>\n<p>O contraste entre a velocidade com que as not\u00edcias negativas se espalham e a lentid\u00e3o na divulga\u00e7\u00e3o de conquistas e trabalhos not\u00e1veis destaca uma lacuna preocupante na promo\u00e7\u00e3o da cultura mo\u00e7ambicana. Como podemos esperar que a m\u00fasica mo\u00e7ambicana seja valorizada na di\u00e1spora se, internamente, a m\u00eddia n\u00e3o prioriza e destaca o talento e os esfor\u00e7os dos artistas?<\/p>\n<p>A a\u00e7\u00e3o \u00e9 um passo crucial para mudar essa din\u00e2mica. Compartilhar, apoiar e celebrar as realiza\u00e7\u00f5es positivas dos artistas mo\u00e7ambicanos \u00e9 uma responsabilidade coletiva. A mudan\u00e7a come\u00e7a com cada indiv\u00edduo que escolhe conscientemente promover e valorizar o que contribui positivamente para a cultura e o cen\u00e1rio art\u00edstico mo\u00e7ambicano.<\/p>\n<\/div>\n<\/div>\n<\/div>\n<\/div>\n<\/div>\n<\/div>\n<\/div>\n<\/div>\n<\/div>\n<\/div>\n<\/div>\n<\/div>","protected":false},"excerpt":{"rendered":"<p>Num cen\u00e1rio onde as redes sociais moldam a percep\u00e7\u00e3o p\u00fablica, observamos um padr\u00e3o persistente na forma como as figuras p\u00fablicas mo\u00e7ambicanas s\u00e3o abordadas. O recente lan\u00e7amento do filme &#8220;O Pre\u00e7o da Fama&#8221; por Ogah Siz e os trabalhos de artistas como Case Buyakha e Cleyton David ilustram um fen\u00f4meno interessante: o destaque exacerbado dado \u00e0s [&hellip;]<\/p>","protected":false},"author":3,"featured_media":58107,"comment_status":"open","ping_status":"open","sticky":false,"template":"","format":"standard","meta":{"footnotes":""},"categories":[29],"tags":[37],"class_list":["post-58106","post","type-post","status-publish","format-standard","has-post-thumbnail","hentry","category-cultura","tag-luis-macamo"],"jetpack_featured_media_url":"https:\/\/ihapari.com\/wp-content\/uploads\/2023\/12\/406825542_18296572756178001_1096961709534363112_n.jpg","_links":{"self":[{"href":"https:\/\/ihapari.com\/en\/wp-json\/wp\/v2\/posts\/58106","targetHints":{"allow":["GET"]}}],"collection":[{"href":"https:\/\/ihapari.com\/en\/wp-json\/wp\/v2\/posts"}],"about":[{"href":"https:\/\/ihapari.com\/en\/wp-json\/wp\/v2\/types\/post"}],"author":[{"embeddable":true,"href":"https:\/\/ihapari.com\/en\/wp-json\/wp\/v2\/users\/3"}],"replies":[{"embeddable":true,"href":"https:\/\/ihapari.com\/en\/wp-json\/wp\/v2\/comments?post=58106"}],"version-history":[{"count":1,"href":"https:\/\/ihapari.com\/en\/wp-json\/wp\/v2\/posts\/58106\/revisions"}],"predecessor-version":[{"id":58108,"href":"https:\/\/ihapari.com\/en\/wp-json\/wp\/v2\/posts\/58106\/revisions\/58108"}],"wp:featuredmedia":[{"embeddable":true,"href":"https:\/\/ihapari.com\/en\/wp-json\/wp\/v2\/media\/58107"}],"wp:attachment":[{"href":"https:\/\/ihapari.com\/en\/wp-json\/wp\/v2\/media?parent=58106"}],"wp:term":[{"taxonomy":"category","embeddable":true,"href":"https:\/\/ihapari.com\/en\/wp-json\/wp\/v2\/categories?post=58106"},{"taxonomy":"post_tag","embeddable":true,"href":"https:\/\/ihapari.com\/en\/wp-json\/wp\/v2\/tags?post=58106"}],"curies":[{"name":"wp","href":"https:\/\/api.w.org\/{rel}","templated":true}]}}