{"id":58094,"date":"2023-12-16T13:32:00","date_gmt":"2023-12-16T11:32:00","guid":{"rendered":"https:\/\/ihapari.com\/?p=58094"},"modified":"2023-12-16T13:35:18","modified_gmt":"2023-12-16T11:35:18","slug":"dezemba-time-de-valter-artistico-conquista-coracoes-e-prepara-o-terreno-para-o-show-de-hoje-com-claudio-ismael","status":"publish","type":"post","link":"https:\/\/ihapari.com\/en\/dezemba-time-de-valter-artistico-conquista-coracoes-e-prepara-o-terreno-para-o-show-de-hoje-com-claudio-ismael\/","title":{"rendered":"\u201d&quot;DECEMBER TIME&quot; by Valter Art\u00edstico wins hearts and sets the stage for today&#039;s show with Claudio Ismael."},"content":{"rendered":"<p>Valter Art\u00edstico is setting social media ablaze with the release of his latest work, &quot;DECEMBER TIME,&quot; which has already won over many internet users. The new single, which embraces the Amapiano genre, surprised audiences with its fresh and captivating sound, earning enthusiastic praise on social media.<\/p>\n<p>Since its release, \u201dDECEMBER TIME\u201d has received numerous positive comments, highlighting Valter Art\u00edstico&#039;s ability to reinvent himself and embrace new musical trends. Internet users expressed their satisfaction with the song, praising its contagious energy and its promise to be one of the hits of \u201cDECEMBER.\u201d<\/p>\n<p>Comments such as \u201cGo for it, my friend, we\u2019re going to play this song in December with the whole family, so I can also put it on YouTube, you\u2019re one of us, you can sing it any way you want, we\u2019ll love it\u201d, and \u201cIdol\u2026 One love\u201d demonstrate the fans\u2019 enthusiasm for Valter Art\u00edstico\u2019s latest work.<\/p>\n<p>In addition to its online success, today marks the date of the highly anticipated show that will feature not only Valter Art\u00edstico, but also the talented Claudio Ismael. The anticipation for the event is palpable, and fans are eager to witness the captivating performances of these two Mozambican artists live.<\/p>\n<p>Mozambican music continues to evolve, and artists like Valter Art\u00edstico play a crucial role in introducing new sounds and styles to the country&#039;s music scene. \u201cDezenba Time\u201d is not just a song; it&#039;s an experience that reflects the diversity and innovation that characterize the Mozambican music scene.<\/p>\n<p>Tonight&#039;s show promises to be a memorable spectacle, bringing together fans and admirers for an evening full of great music and entertainment. The combination of Valter Art\u00edstico and Claudio Ismael on the same stage creates a unique synergy that will surely leave a lasting mark on the Mozambican music scene. Click the link below to watch the video at tv.ihapari.com<\/p>\n<p><a href=\"https:\/\/tv.ihapari.com\/valter-artistico-december-time\/\">https:\/\/tv.ihapari.com\/valter-artistico-december-time\/<\/a><\/p>","protected":false},"excerpt":{"rendered":"<p>Valter Art\u00edstico est\u00e1 a incendiar as redes sociais com o lan\u00e7amento do seu mais recente trabalho, &#8221; DECEMBER TIME&#8221;, que j\u00e1 conquistou v\u00e1rios cora\u00e7\u00f5es dos internautas. O novo single, que abra\u00e7a o g\u00e9nero amapiano, surpreendeu o p\u00fablico ao apresentar uma sonoridade fresca e cativante, ganhando elogios entusi\u00e1sticos nas redes sociais. Desde o seu lan\u00e7amento, &#8221; [&hellip;]<\/p>","protected":false},"author":3,"featured_media":58025,"comment_status":"open","ping_status":"open","sticky":false,"template":"","format":"standard","meta":{"footnotes":""},"categories":[29],"tags":[37],"class_list":["post-58094","post","type-post","status-publish","format-standard","has-post-thumbnail","hentry","category-cultura","tag-luis-macamo"],"jetpack_featured_media_url":"https:\/\/ihapari.com\/wp-content\/uploads\/2023\/12\/408218835_18405976210054857_274330007551393235_n.jpg","_links":{"self":[{"href":"https:\/\/ihapari.com\/en\/wp-json\/wp\/v2\/posts\/58094","targetHints":{"allow":["GET"]}}],"collection":[{"href":"https:\/\/ihapari.com\/en\/wp-json\/wp\/v2\/posts"}],"about":[{"href":"https:\/\/ihapari.com\/en\/wp-json\/wp\/v2\/types\/post"}],"author":[{"embeddable":true,"href":"https:\/\/ihapari.com\/en\/wp-json\/wp\/v2\/users\/3"}],"replies":[{"embeddable":true,"href":"https:\/\/ihapari.com\/en\/wp-json\/wp\/v2\/comments?post=58094"}],"version-history":[{"count":3,"href":"https:\/\/ihapari.com\/en\/wp-json\/wp\/v2\/posts\/58094\/revisions"}],"predecessor-version":[{"id":58096,"href":"https:\/\/ihapari.com\/en\/wp-json\/wp\/v2\/posts\/58094\/revisions\/58096"}],"wp:featuredmedia":[{"embeddable":true,"href":"https:\/\/ihapari.com\/en\/wp-json\/wp\/v2\/media\/58025"}],"wp:attachment":[{"href":"https:\/\/ihapari.com\/en\/wp-json\/wp\/v2\/media?parent=58094"}],"wp:term":[{"taxonomy":"category","embeddable":true,"href":"https:\/\/ihapari.com\/en\/wp-json\/wp\/v2\/categories?post=58094"},{"taxonomy":"post_tag","embeddable":true,"href":"https:\/\/ihapari.com\/en\/wp-json\/wp\/v2\/tags?post=58094"}],"curies":[{"name":"wp","href":"https:\/\/api.w.org\/{rel}","templated":true}]}}