{"id":58011,"date":"2023-12-14T09:53:17","date_gmt":"2023-12-14T07:53:17","guid":{"rendered":"https:\/\/ihapari.com\/?p=58011"},"modified":"2023-12-14T09:53:17","modified_gmt":"2023-12-14T07:53:17","slug":"colaboracoes-regionais-na-musica-mocambicana-desafios-e-oportunidades-para-a-unidade-artistica","status":"publish","type":"post","link":"https:\/\/ihapari.com\/en\/colaboracoes-regionais-na-musica-mocambicana-desafios-e-oportunidades-para-a-unidade-artistica\/","title":{"rendered":"Colabora\u00e7\u00f5es Regionais na M\u00fasica Mo\u00e7ambicana: Desafios e Oportunidades para a Unidade Art\u00edstica"},"content":{"rendered":"<p>A m\u00fasica mo\u00e7ambicana enfrenta desafios significativos quando se trata de estabelecer colabora\u00e7\u00f5es regionais entre artistas de diferentes partes do pa\u00eds. Um padr\u00e3o recorrente \u00e9 observado, onde as colabora\u00e7\u00f5es parecem ser mais frequentes entre artistas que residem na cidade capital, enquanto aqueles que est\u00e3o fora enfrentam obst\u00e1culos not\u00e1veis.<\/p>\n<p>A pergunta inevit\u00e1vel que surge \u00e9 por que \u00e9 t\u00e3o dif\u00edcil para artistas de diferentes regi\u00f5es se unirem musicalmente, mesmo quando alcan\u00e7am sucesso em seus pr\u00f3prios dom\u00ednios? A resposta pode residir em v\u00e1rias quest\u00f5es complexas, incluindo falta de comunica\u00e7\u00e3o, desigualdades na visibilidade e acesso a oportunidades.<\/p>\n<p>A perce\u00e7\u00e3o de que artistas que n\u00e3o residem na capital t\u00eam menos oportunidades para colaborar com m\u00fasicos da cidade pode estar enraizada em desafios estruturais e log\u00edsticos. A falta de interc\u00e2mbio e comunica\u00e7\u00e3o entre a classe art\u00edstica em diferentes prov\u00edncias pode contribuir para essa desconex\u00e3o. Quando os artistas da capital realizam espet\u00e1culos em prov\u00edncias, muitas vezes h\u00e1 uma falta de troca rec\u00edproca de experi\u00eancias e colabora\u00e7\u00f5es.<\/p>\n<p>A divis\u00e3o regional na ind\u00fastria musical mo\u00e7ambicana pode limitar o alcance e a diversidade da m\u00fasica produzida no pa\u00eds. O fen\u00f3meno observado, onde artistas fora da capital t\u00eam dificuldade em estabelecer colabora\u00e7\u00f5es significativas com os seus pares na cidade, destaca uma lacuna que poderia ser preenchida com uma abordagem mais integrada e inclusiva.<\/p>\n<p>As colabora\u00e7\u00f5es regionais n\u00e3o s\u00f3 t\u00eam o potencial de enriquecer artisticamente a cena musical, mas tamb\u00e9m de unir diversas culturas e estilos, refletindo a riqueza e diversidade da identidade mo\u00e7ambicana. O sucesso da m\u00fasica mo\u00e7ambicana n\u00e3o deve ser exclusivo da cidade capital, mas sim uma express\u00e3o que abrange todas as regi\u00f5es do pa\u00eds.<\/p>\n<p>Enquanto os artistas mo\u00e7ambicanos podem encontrar dificuldades no estabelecimento de colabora\u00e7\u00f5es regionais, o sucesso de m\u00fasicos estrangeiros no pa\u00eds destaca a import\u00e2ncia do interc\u00e2mbio cultural e da diversidade musical. A supera\u00e7\u00e3o desses desafios exige um esfor\u00e7o coletivo da classe art\u00edstica, promotores de eventos, e at\u00e9 mesmo do p\u00fablico, para valorizar e apoiar a m\u00fasica produzida em todas as regi\u00f5es de Mo\u00e7ambique.<\/p>\n<p>A quest\u00e3o final permanece: at\u00e9 quando a m\u00fasica mo\u00e7ambicana ser\u00e1 limitada \u00e0 cidade capital, enquanto o potencial de colabora\u00e7\u00f5es regionais continua subexplorado? A resposta pode residir na conscientiza\u00e7\u00e3o, na promo\u00e7\u00e3o da diversidade musical e na cria\u00e7\u00e3o de plataformas que facilitem a comunica\u00e7\u00e3o e a colabora\u00e7\u00e3o entre artistas de todas as regi\u00f5es do pa\u00eds.<\/p>","protected":false},"excerpt":{"rendered":"<p>A m\u00fasica mo\u00e7ambicana enfrenta desafios significativos quando se trata de estabelecer colabora\u00e7\u00f5es regionais entre artistas de diferentes partes do pa\u00eds. Um padr\u00e3o recorrente \u00e9 observado, onde as colabora\u00e7\u00f5es parecem ser mais frequentes entre artistas que residem na cidade capital, enquanto aqueles que est\u00e3o fora enfrentam obst\u00e1culos not\u00e1veis. A pergunta inevit\u00e1vel que surge \u00e9 por que [&hellip;]<\/p>","protected":false},"author":3,"featured_media":58012,"comment_status":"open","ping_status":"open","sticky":false,"template":"","format":"standard","meta":{"footnotes":""},"categories":[29],"tags":[37],"class_list":["post-58011","post","type-post","status-publish","format-standard","has-post-thumbnail","hentry","category-cultura","tag-luis-macamo"],"jetpack_featured_media_url":"https:\/\/ihapari.com\/wp-content\/uploads\/2023\/12\/307953138_396546802662880_3977222598427421109_n.jpg","_links":{"self":[{"href":"https:\/\/ihapari.com\/en\/wp-json\/wp\/v2\/posts\/58011","targetHints":{"allow":["GET"]}}],"collection":[{"href":"https:\/\/ihapari.com\/en\/wp-json\/wp\/v2\/posts"}],"about":[{"href":"https:\/\/ihapari.com\/en\/wp-json\/wp\/v2\/types\/post"}],"author":[{"embeddable":true,"href":"https:\/\/ihapari.com\/en\/wp-json\/wp\/v2\/users\/3"}],"replies":[{"embeddable":true,"href":"https:\/\/ihapari.com\/en\/wp-json\/wp\/v2\/comments?post=58011"}],"version-history":[{"count":1,"href":"https:\/\/ihapari.com\/en\/wp-json\/wp\/v2\/posts\/58011\/revisions"}],"predecessor-version":[{"id":58013,"href":"https:\/\/ihapari.com\/en\/wp-json\/wp\/v2\/posts\/58011\/revisions\/58013"}],"wp:featuredmedia":[{"embeddable":true,"href":"https:\/\/ihapari.com\/en\/wp-json\/wp\/v2\/media\/58012"}],"wp:attachment":[{"href":"https:\/\/ihapari.com\/en\/wp-json\/wp\/v2\/media?parent=58011"}],"wp:term":[{"taxonomy":"category","embeddable":true,"href":"https:\/\/ihapari.com\/en\/wp-json\/wp\/v2\/categories?post=58011"},{"taxonomy":"post_tag","embeddable":true,"href":"https:\/\/ihapari.com\/en\/wp-json\/wp\/v2\/tags?post=58011"}],"curies":[{"name":"wp","href":"https:\/\/api.w.org\/{rel}","templated":true}]}}