{"id":57809,"date":"2023-12-09T17:15:41","date_gmt":"2023-12-09T15:15:41","guid":{"rendered":"https:\/\/ihapari.com\/?p=57809"},"modified":"2023-12-09T17:15:44","modified_gmt":"2023-12-09T15:15:44","slug":"por-falta-de-condicoes-laylizzy-nao-podera-marcar-presenca-no-show-agendado-em-inhambane","status":"publish","type":"post","link":"https:\/\/ihapari.com\/en\/por-falta-de-condicoes-laylizzy-nao-podera-marcar-presenca-no-show-agendado-em-inhambane\/","title":{"rendered":"Por falta de condi\u00e7\u00f5es, Laylizzy n\u00e3o poder\u00e1 marcar presen\u00e7a no show agendado em Inhambane"},"content":{"rendered":"<p>O rapper surpreendeu seus f\u00e3s na tarde de hoje com a triste not\u00edcia de sua aus\u00eancia no espet\u00e1culo que acontecer\u00e1 em Inhambane. Laylizzy deixou claro que as condi\u00e7\u00f5es necess\u00e1rias n\u00e3o foram criadas. &#8220;INHAMBANE, INFELIZMENTE, N\u00c3O FAREI PARTE DO SHOW HOJE, AS CONDI\u00c7\u00d5ES N\u00c3O FORAM CRIADAS. Love You e at\u00e9 a pr\u00f3xima&#8221;, escreveu Laylizzy em sua p\u00e1gina do Facebook, deixando v\u00e1rios f\u00e3s desapontados.<\/p>\n\n\n\n<p>Os f\u00e3s n\u00e3o escondem sua tristeza com a publica\u00e7\u00e3o de Laylizzy. &#8220;Eu queria tanto ver o meu \u00eddolo mo\u00e7ambicano \ud83d\ude22\ud83d\ude25&#8221;. Alguns demonstram apoio ao rapper: &#8220;Gosto da sua autovaloriza\u00e7\u00e3o&#8221;. No entanto, h\u00e1 cr\u00edticas por parte de outros internautas: &#8220;Haaaaaaaaaaaaaa, depois v\u00e3o dizer que o povo n\u00e3o adere aos shows dos nacionais. Haja coragem, e o dinheiro do ingresso que pagamos querendo vibrar com seu som???? Haja paz&#8221;, comentaram os internautas.<\/p>","protected":false},"excerpt":{"rendered":"<p>O rapper surpreendeu seus f\u00e3s na tarde de hoje com a triste not\u00edcia de sua aus\u00eancia no espet\u00e1culo que acontecer\u00e1 em Inhambane. Laylizzy deixou claro que as condi\u00e7\u00f5es necess\u00e1rias n\u00e3o foram criadas. &#8220;INHAMBANE, INFELIZMENTE, N\u00c3O FAREI PARTE DO SHOW HOJE, AS CONDI\u00c7\u00d5ES N\u00c3O FORAM CRIADAS. Love You e at\u00e9 a pr\u00f3xima&#8221;, escreveu Laylizzy em sua [&hellip;]<\/p>","protected":false},"author":3,"featured_media":57810,"comment_status":"open","ping_status":"open","sticky":false,"template":"","format":"standard","meta":{"footnotes":""},"categories":[29],"tags":[37],"class_list":["post-57809","post","type-post","status-publish","format-standard","has-post-thumbnail","hentry","category-cultura","tag-luis-macamo"],"jetpack_featured_media_url":"https:\/\/ihapari.com\/wp-content\/uploads\/2023\/12\/Screenshot_20231209-171412_Lite.jpg","_links":{"self":[{"href":"https:\/\/ihapari.com\/en\/wp-json\/wp\/v2\/posts\/57809","targetHints":{"allow":["GET"]}}],"collection":[{"href":"https:\/\/ihapari.com\/en\/wp-json\/wp\/v2\/posts"}],"about":[{"href":"https:\/\/ihapari.com\/en\/wp-json\/wp\/v2\/types\/post"}],"author":[{"embeddable":true,"href":"https:\/\/ihapari.com\/en\/wp-json\/wp\/v2\/users\/3"}],"replies":[{"embeddable":true,"href":"https:\/\/ihapari.com\/en\/wp-json\/wp\/v2\/comments?post=57809"}],"version-history":[{"count":1,"href":"https:\/\/ihapari.com\/en\/wp-json\/wp\/v2\/posts\/57809\/revisions"}],"predecessor-version":[{"id":57811,"href":"https:\/\/ihapari.com\/en\/wp-json\/wp\/v2\/posts\/57809\/revisions\/57811"}],"wp:featuredmedia":[{"embeddable":true,"href":"https:\/\/ihapari.com\/en\/wp-json\/wp\/v2\/media\/57810"}],"wp:attachment":[{"href":"https:\/\/ihapari.com\/en\/wp-json\/wp\/v2\/media?parent=57809"}],"wp:term":[{"taxonomy":"category","embeddable":true,"href":"https:\/\/ihapari.com\/en\/wp-json\/wp\/v2\/categories?post=57809"},{"taxonomy":"post_tag","embeddable":true,"href":"https:\/\/ihapari.com\/en\/wp-json\/wp\/v2\/tags?post=57809"}],"curies":[{"name":"wp","href":"https:\/\/api.w.org\/{rel}","templated":true}]}}