{"id":57704,"date":"2023-12-07T16:15:08","date_gmt":"2023-12-07T14:15:08","guid":{"rendered":"https:\/\/ihapari.com\/?p=57704"},"modified":"2023-12-07T16:15:11","modified_gmt":"2023-12-07T14:15:11","slug":"francisco-machel-assume-a-lideranca-da-comissao-nacional-dos-arbitros-cnaf-em-mocambique-para-o-quadrienio-2023-2027","status":"publish","type":"post","link":"https:\/\/ihapari.com\/en\/francisco-machel-assume-a-lideranca-da-comissao-nacional-dos-arbitros-cnaf-em-mocambique-para-o-quadrienio-2023-2027\/","title":{"rendered":"Francisco Machel assumes leadership of the National Referees Commission (CNAF) in Mozambique for the 2023-2027 term."},"content":{"rendered":"<p>Hoje marca um momento significativo para o cen\u00e1rio do futebol mo\u00e7ambicano, pois Francisco Machel assume a lideran\u00e7a da Comiss\u00e3o Nacional dos \u00c1rbitros (CNAF) para o quadri\u00eanio de 2023-2027, sucedendo a Norberto dos Santos. A cerim\u00f4nia de posse est\u00e1 programada para as 14h no Audit\u00f3rio Ferdinand Wilson, na sede da Federa\u00e7\u00e3o Mo\u00e7ambicana de Futebol (FMF).<\/p>\n\n\n\n<p>A transi\u00e7\u00e3o de lideran\u00e7a na CNAF representa n\u00e3o apenas uma mudan\u00e7a institucional, mas tamb\u00e9m um compromisso renovado com a promo\u00e7\u00e3o da integridade, transpar\u00eancia e excel\u00eancia nas decis\u00f5es arbitrais. Francisco Machel, assumindo o cargo, destaca-se como uma figura-chave para liderar esse esfor\u00e7o.<\/p>\n\n\n\n<p>A Comiss\u00e3o Nacional dos \u00c1rbitros desempenha um papel crucial na forma\u00e7\u00e3o, desenvolvimento e supervis\u00e3o de \u00e1rbitros em todo o pa\u00eds. Garantir a qualidade e imparcialidade nas decis\u00f5es arbitrais \u00e9 fundamental para a credibilidade do desporto, e a CNAF desempenha um papel central nesse processo.<\/p>\n\n\n\n<p>Francisco Machel, ao assumir a lideran\u00e7a, traz consigo n\u00e3o apenas experi\u00eancia, mas tamb\u00e9m uma vis\u00e3o para fortalecer o quadro arbitral em Mo\u00e7ambique. A expectativa \u00e9 que ele implemente medidas que promovam a forma\u00e7\u00e3o cont\u00ednua, o aprimoramento t\u00e9cnico e a avalia\u00e7\u00e3o rigorosa dos \u00e1rbitros, contribuindo assim para um n\u00edvel mais elevado de arbitragem no pa\u00eds.<\/p>\n\n\n\n<p>Al\u00e9m disso, Machel contar\u00e1 com a colabora\u00e7\u00e3o de \u00e1rbitros experientes, como Mateus Infante, Osvaldo de Jesus e Ant\u00f3nio Massango. A forma\u00e7\u00e3o de uma equipe s\u00f3lida sugere uma abordagem coletiva para enfrentar os desafios e melhorar os padr\u00f5es arbitrais em Mo\u00e7ambique.<\/p>\n\n\n\n<p>A comunidade esportiva, f\u00e3s e jogadores, esperam que a gest\u00e3o de Francisco Machel na CNAF proporcione n\u00e3o apenas uma lideran\u00e7a firme, mas tamb\u00e9m um ambiente prop\u00edcio para o crescimento e aprimoramento cont\u00ednuo dos \u00e1rbitros. A busca por uma arbitragem de qualidade \u00e9 essencial para o desenvolvimento do futebol no pa\u00eds e para a confian\u00e7a de todos os envolvidos no esporte.<\/p>\n\n\n\n<p>Assim, com a cerim\u00f4nia de posse, abre-se um novo cap\u00edtulo para a arbitragem mo\u00e7ambicana, com a esperan\u00e7a de que a gest\u00e3o de Francisco Machel marque um per\u00edodo de avan\u00e7o e melhoria na qualidade das decis\u00f5es arbitrais no cen\u00e1rio do futebol nacional.<\/p>","protected":false},"excerpt":{"rendered":"<p>Today marks a significant moment for Mozambican football, as Francisco Machel assumes leadership of the National Referees Commission (CNAF) for the four-year period of 2023-2027, succeeding Norberto dos Santos. The inauguration ceremony is scheduled for 2 pm in the Ferdinand Wilson Auditorium, at the headquarters of the Mozambican Football Federation (FMF). The [\u2026]<\/p>","protected":false},"author":4,"featured_media":57705,"comment_status":"open","ping_status":"open","sticky":false,"template":"","format":"standard","meta":{"footnotes":""},"categories":[53],"tags":[37],"class_list":["post-57704","post","type-post","status-publish","format-standard","has-post-thumbnail","hentry","category-desporto","tag-luis-macamo"],"jetpack_featured_media_url":"https:\/\/ihapari.com\/wp-content\/uploads\/2023\/12\/FRANCISCO-MACHEL.jpg","_links":{"self":[{"href":"https:\/\/ihapari.com\/en\/wp-json\/wp\/v2\/posts\/57704","targetHints":{"allow":["GET"]}}],"collection":[{"href":"https:\/\/ihapari.com\/en\/wp-json\/wp\/v2\/posts"}],"about":[{"href":"https:\/\/ihapari.com\/en\/wp-json\/wp\/v2\/types\/post"}],"author":[{"embeddable":true,"href":"https:\/\/ihapari.com\/en\/wp-json\/wp\/v2\/users\/4"}],"replies":[{"embeddable":true,"href":"https:\/\/ihapari.com\/en\/wp-json\/wp\/v2\/comments?post=57704"}],"version-history":[{"count":1,"href":"https:\/\/ihapari.com\/en\/wp-json\/wp\/v2\/posts\/57704\/revisions"}],"predecessor-version":[{"id":57706,"href":"https:\/\/ihapari.com\/en\/wp-json\/wp\/v2\/posts\/57704\/revisions\/57706"}],"wp:featuredmedia":[{"embeddable":true,"href":"https:\/\/ihapari.com\/en\/wp-json\/wp\/v2\/media\/57705"}],"wp:attachment":[{"href":"https:\/\/ihapari.com\/en\/wp-json\/wp\/v2\/media?parent=57704"}],"wp:term":[{"taxonomy":"category","embeddable":true,"href":"https:\/\/ihapari.com\/en\/wp-json\/wp\/v2\/categories?post=57704"},{"taxonomy":"post_tag","embeddable":true,"href":"https:\/\/ihapari.com\/en\/wp-json\/wp\/v2\/tags?post=57704"}],"curies":[{"name":"wp","href":"https:\/\/api.w.org\/{rel}","templated":true}]}}